{"id":3147,"date":"2024-03-17T20:55:13","date_gmt":"2024-03-17T19:55:13","guid":{"rendered":"https:\/\/molinosauco.com\/?p=3147"},"modified":"2024-03-17T20:59:21","modified_gmt":"2024-03-17T19:59:21","slug":"somos-geoparque-de-granada-soyecoturista","status":"publish","type":"post","link":"https:\/\/molinosauco.com\/en\/somos-geoparque-de-granada-soyecoturista\/","title":{"rendered":"Somos Geoparque de Granada &#8211; @SoyEcoturista"},"content":{"rendered":"<p class=\"wp-block-paragraph\">El pasado <a href=\"https:\/\/www.geoparquedegranada.com\/un-total-de-21-nuevas-empresas-se-acreditan-como-colaboradoras-del-geoparque-de-granada\/\">viernes 15 de marzo recibimos la acreditaci\u00f3n<\/a> como Empresa Colaboradora del Geoparque de Granada, un orgullo, pero tambi\u00e9n una responsabilidad, dado que esto supone un mayor compromiso con el territorio y la promoci\u00f3n de sus valores como <a href=\"https:\/\/www.geoparquedegranada.com\/\">Geoparque Mundial de la UNESCO<\/a>.<\/p>\n\n\n\n<figure class=\"wp-block-image size-large\"><img loading=\"lazy\" decoding=\"async\" width=\"1477\" height=\"831\" data-attachment-id=\"3152\" data-permalink=\"https:\/\/molinosauco.com\/en\/20230615_201609-1-2\/\" data-orig-file=\"https:\/\/molinosauco.com\/wp-content\/uploads\/2024\/03\/20230615_201609-1-edited.jpg\" data-orig-size=\"1477,831\" data-comments-opened=\"1\" data-image-meta=\"{&quot;aperture&quot;:&quot;0&quot;,&quot;credit&quot;:&quot;&quot;,&quot;camera&quot;:&quot;&quot;,&quot;caption&quot;:&quot;&quot;,&quot;created_timestamp&quot;:&quot;0&quot;,&quot;copyright&quot;:&quot;&quot;,&quot;focal_length&quot;:&quot;0&quot;,&quot;iso&quot;:&quot;0&quot;,&quot;shutter_speed&quot;:&quot;0&quot;,&quot;title&quot;:&quot;&quot;,&quot;orientation&quot;:&quot;0&quot;}\" data-image-title=\"20230615_201609-1\" data-image-description=\"\" data-image-caption=\"\" data-large-file=\"https:\/\/molinosauco.com\/wp-content\/uploads\/2024\/03\/20230615_201609-1-edited-1024x576.jpg\" src=\"https:\/\/molinosauco.com\/wp-content\/uploads\/2024\/03\/20230615_201609-1-edited.jpg\" alt=\"\" class=\"wp-image-3152\" srcset=\"https:\/\/molinosauco.com\/wp-content\/uploads\/2024\/03\/20230615_201609-1-edited.jpg 1477w, https:\/\/molinosauco.com\/wp-content\/uploads\/2024\/03\/20230615_201609-1-edited-1280x720.jpg?crop=1 1280w, https:\/\/molinosauco.com\/wp-content\/uploads\/2024\/03\/20230615_201609-1-edited-980x551.jpg?crop=1 980w, https:\/\/molinosauco.com\/wp-content\/uploads\/2024\/03\/20230615_201609-1-edited-480x270.jpg?crop=1 480w\" sizes=\"auto, (min-width: 0px) and (max-width: 480px) 480px, (min-width: 481px) and (max-width: 980px) 980px, (min-width: 981px) and (max-width: 1280px) 1280px, (min-width: 1281px) 1477px, 100vw\" \/><\/figure>\n\n\n\n<p class=\"wp-block-paragraph\"><em>\u00abEl Geoparque de Granada engloba un territorio de 4.700 Km2 cuyas caracter\u00edsticas geol\u00f3gicas han marcado el devenir cultural de sus habitantes desde la antg\u00fcedad. La Geolog\u00eda, la Geomorfolog\u00eda, la Preshistoria y la Cultura se funden con algunos de los vestigios humanos m\u00e1s antiguos del continente europeo, configurando un marco excepcional muy \u00fatil para comprender el esp\u00edritu de lo que representa un Geoparque de la Red Mundial de la UNESCO\u00bb<\/em>. As\u00ed comienza la Gu\u00eda Geol\u00f3gica del Geoparque de Granada, un manual de interpretaci\u00f3n de las diferentes <a href=\"https:\/\/www.geoparquedegranada.com\/wp-content\/uploads\/2021\/03\/MAPA-GEOPARQUE_20210719_WEB_BAJA.pdf\">maravillas geol\u00f3gicas y paleontol\u00f3gicas<\/a> que esconde el Geoparque, desde la historia geol\u00f3gica, de m\u00e1s de 250 millones de a\u00f1os, la historia marina de la cuenca Guadix-Baza, los paleor\u00edos y paleolagos que lo formaban y que han dado lugar al paisaje actual, la tect\u00f3nica de placas, los impresionantes yacimientos paleo-arqueol\u00f3gicos donde destacan los <a href=\"https:\/\/www.geoparquedegranada.com\/wp-content\/uploads\/2022\/06\/YACIMIENTO-PALEONTOL%C3%93GICO-FONELAS-P1.pdf\">grandes mam\u00edferos<\/a> (mamuts, dientes de sable, etc.) y la historia de los primeros pobladores de Europa, y un sinfin m\u00e1s de detalles que permiten enamorarse de este territorio de tanta riqueza.<\/p>\n\n\n\n<figure class=\"wp-block-image aligncenter size-large is-resized is-style-rounded\"><img loading=\"lazy\" decoding=\"async\" width=\"1440\" height=\"1440\" data-attachment-id=\"3156\" data-permalink=\"https:\/\/molinosauco.com\/en\/20240317_202607-2\/\" data-orig-file=\"https:\/\/molinosauco.com\/wp-content\/uploads\/2024\/03\/20240317_202607-edited.jpg\" data-orig-size=\"1440,1440\" data-comments-opened=\"1\" data-image-meta=\"{&quot;aperture&quot;:&quot;0&quot;,&quot;credit&quot;:&quot;&quot;,&quot;camera&quot;:&quot;&quot;,&quot;caption&quot;:&quot;&quot;,&quot;created_timestamp&quot;:&quot;0&quot;,&quot;copyright&quot;:&quot;&quot;,&quot;focal_length&quot;:&quot;0&quot;,&quot;iso&quot;:&quot;0&quot;,&quot;shutter_speed&quot;:&quot;0&quot;,&quot;title&quot;:&quot;&quot;,&quot;orientation&quot;:&quot;0&quot;}\" data-image-title=\"20240317_202607\" data-image-description=\"\" data-image-caption=\"\" data-large-file=\"https:\/\/molinosauco.com\/wp-content\/uploads\/2024\/03\/20240317_202607-edited-1024x1024.jpg\" src=\"https:\/\/molinosauco.com\/wp-content\/uploads\/2024\/03\/20240317_202607-edited.jpg\" alt=\"\" class=\"wp-image-3156\" style=\"width:493px;height:auto\" srcset=\"https:\/\/molinosauco.com\/wp-content\/uploads\/2024\/03\/20240317_202607-edited.jpg 1440w, https:\/\/molinosauco.com\/wp-content\/uploads\/2024\/03\/20240317_202607-edited-1280x1280.jpg 1280w, https:\/\/molinosauco.com\/wp-content\/uploads\/2024\/03\/20240317_202607-edited-980x980.jpg 980w, https:\/\/molinosauco.com\/wp-content\/uploads\/2024\/03\/20240317_202607-edited-480x480.jpg 480w\" sizes=\"auto, (min-width: 0px) and (max-width: 480px) 480px, (min-width: 481px) and (max-width: 980px) 980px, (min-width: 981px) and (max-width: 1280px) 1280px, (min-width: 1281px) 1440px, 100vw\" \/><figcaption class=\"wp-element-caption\">Editor, Francisco Juan Garc\u00eda Tortosa, Coordinador Cient\u00edfico del Geoparque de Granada. Universidad de Ja\u00e9n.<\/figcaption><\/figure>\n\n\n\n<p class=\"wp-block-paragraph\">En nuestro caso, nuestra ubicaci\u00f3n en el coraz\u00f3n de la Sierra de la Sagra y junto a la Sierra de la Guillimona, nos sit\u00faa en el Extremo Norte de la Cuenca Guadix-Baza, y junto a nuestro Molino Sa\u00faco transcurre el Barranco de los Ag\u00fcjeros, uno de los principales nacimientos y cursos de agua que alimenta actualmente el Guadiana Menor, principal afluente del Guadalquivir.<\/p>\n\n\n\n<p class=\"wp-block-paragraph\">Nos encontramos en <a href=\"https:\/\/turismopuebladedonfadrique.es\/\">La Pueba de Don Fadrique<\/a>, y desde sus monta\u00f1as tenemos una posici\u00f3n privilegiada para ver todo el territorio del Geoparque de Granada, principalmente desde los <strong>Miradores del Calar<\/strong>, desde donde tenemos unas impresionantes vistas de la Sagra. Aqu\u00ed pod\u00e9is ver la <a href=\"https:\/\/maps.app.goo.gl\/stJTJ2BoBSFVPwyW9\">ubicaci\u00f3n<\/a>, es un lugar accesible por senderos y pistas. Tambi\u00e9n tenemos muy cerca del <strong>Mirador del Pe\u00f1\u00f3n del Toro<\/strong>, en Sierra Seca (Hu\u00e9scar), que nos ofrece una vista singular del pe\u00f1\u00f3n del Toro y de la cara norte de la Sagra.<\/p>\n\n\n\n<p class=\"wp-block-paragraph\">Por supuesto, adem\u00e1s del valor paisaj\u00edstico, la Sierra de la Sagra ofrece un valor biol\u00f3gico por su biodiversidad, adem\u00e1s de un gran valor astron\u00f3mico, por sus cielos limpios de contaminaci\u00f3n lum\u00ednica. Pero sobre esto ya hemos hablado en otras entradas del blog. <\/p>\n\n\n\n<p class=\"wp-block-paragraph\">Como dec\u00edamos al principio, esta acreditaci\u00f3n nos ofrece la posibilidad de formar parte de un proyecto m\u00e1s grande, y de sumar y contribuir al desarrollo del mismo. Una gran oportunidad y tambi\u00e9n, una responsabilidad con nuestro territorio.<\/p>\n\n\n\n<figure class=\"wp-block-image size-large\"><img loading=\"lazy\" decoding=\"async\" width=\"1024\" height=\"764\" data-attachment-id=\"3157\" data-permalink=\"https:\/\/molinosauco.com\/en\/somos-geoparque-de-granada-soyecoturista\/img-20240315-wa0038\/\" data-orig-file=\"https:\/\/molinosauco.com\/wp-content\/uploads\/2024\/03\/IMG-20240315-WA0038.jpg\" data-orig-size=\"1353,1009\" data-comments-opened=\"1\" data-image-meta=\"{&quot;aperture&quot;:&quot;0&quot;,&quot;credit&quot;:&quot;&quot;,&quot;camera&quot;:&quot;&quot;,&quot;caption&quot;:&quot;&quot;,&quot;created_timestamp&quot;:&quot;0&quot;,&quot;copyright&quot;:&quot;&quot;,&quot;focal_length&quot;:&quot;0&quot;,&quot;iso&quot;:&quot;0&quot;,&quot;shutter_speed&quot;:&quot;0&quot;,&quot;title&quot;:&quot;&quot;,&quot;orientation&quot;:&quot;1&quot;}\" data-image-title=\"IMG-20240315-WA0038\" data-image-description=\"\" data-image-caption=\"\" data-large-file=\"https:\/\/molinosauco.com\/wp-content\/uploads\/2024\/03\/IMG-20240315-WA0038-1024x764.jpg\" src=\"https:\/\/molinosauco.com\/wp-content\/uploads\/2024\/03\/IMG-20240315-WA0038-1024x764.jpg\" alt=\"\" class=\"wp-image-3157\" srcset=\"https:\/\/molinosauco.com\/wp-content\/uploads\/2024\/03\/IMG-20240315-WA0038-980x731.jpg 980w, https:\/\/molinosauco.com\/wp-content\/uploads\/2024\/03\/IMG-20240315-WA0038-480x358.jpg 480w\" sizes=\"auto, (min-width: 0px) and (max-width: 480px) 480px, (min-width: 481px) and (max-width: 980px) 980px, (min-width: 981px) 1024px, 100vw\" \/><\/figure>","protected":false},"excerpt":{"rendered":"<p>El pasado viernes 15 de marzo recibimos la acreditaci\u00f3n como Empresa Colaboradora del Geoparque de Granada, un orgullo, pero tambi\u00e9n una responsabilidad, dado que esto supone un mayor compromiso con el territorio y la promoci\u00f3n de sus valores como Geoparque Mundial de la UNESCO. \u00abEl Geoparque de Granada engloba un territorio de 4.700 Km2 cuyas [&hellip;]<\/p>\n","protected":false},"author":136168419,"featured_media":3152,"comment_status":"open","ping_status":"open","sticky":false,"template":"","format":"standard","meta":{"_et_pb_use_builder":"","_et_pb_old_content":"","_et_gb_content_width":"","advanced_seo_description":"","jetpack_seo_html_title":"","jetpack_seo_noindex":false,"jetpack_seo_schema_type":"","_jetpack_newsletter_access":"","_jetpack_dont_email_post_to_subs":false,"_jetpack_newsletter_tier_id":0,"_jetpack_memberships_contains_paywalled_content":false,"_wpcom_ai_launchpad_first_post":false,"_jetpack_feature_clip_id":0,"_jetpack_memberships_contains_paid_content":false,"footnotes":"","jetpack_publicize_message":"{title}\n\n{excerpt}\n\n{url}","jetpack_publicize_feature_enabled":true,"jetpack_social_post_already_shared":true,"jetpack_social_options":{"image_generator_settings":{"template":"highway","default_image_id":0,"font":"","enabled":false},"version":2},"_wpas_customize_per_network":false,"jetpack_post_was_ever_published":false},"categories":[121937,1771],"tags":[121941,121980,121945,121984,121983],"class_list":["post-3147","post","type-post","status-publish","format-standard","has-post-thumbnail","hentry","category-entorno","category-sin-categoria","tag-comarca-de-huescar","tag-geoparque-de-granada","tag-molino-sauco","tag-puebla-de-don-fadrique","tag-soy-ecoturista"],"jetpack_publicize_connections":[],"jetpack_likes_enabled":true,"jetpack_sharing_enabled":true,"jetpack_shortlink":"https:\/\/wp.me\/pdCn6Q-OL","jetpack_featured_media_url":"https:\/\/molinosauco.com\/wp-content\/uploads\/2024\/03\/20230615_201609-1-edited.jpg","_links":{"self":[{"href":"https:\/\/molinosauco.com\/en\/wp-json\/wp\/v2\/posts\/3147","targetHints":{"allow":["GET"]}}],"collection":[{"href":"https:\/\/molinosauco.com\/en\/wp-json\/wp\/v2\/posts"}],"about":[{"href":"https:\/\/molinosauco.com\/en\/wp-json\/wp\/v2\/types\/post"}],"author":[{"embeddable":true,"href":"https:\/\/molinosauco.com\/en\/wp-json\/wp\/v2\/users\/136168419"}],"replies":[{"embeddable":true,"href":"https:\/\/molinosauco.com\/en\/wp-json\/wp\/v2\/comments?post=3147"}],"version-history":[{"count":6,"href":"https:\/\/molinosauco.com\/en\/wp-json\/wp\/v2\/posts\/3147\/revisions"}],"predecessor-version":[{"id":3159,"href":"https:\/\/molinosauco.com\/en\/wp-json\/wp\/v2\/posts\/3147\/revisions\/3159"}],"wp:featuredmedia":[{"embeddable":true,"href":"https:\/\/molinosauco.com\/en\/wp-json\/wp\/v2\/media\/3152"}],"wp:attachment":[{"href":"https:\/\/molinosauco.com\/en\/wp-json\/wp\/v2\/media?parent=3147"}],"wp:term":[{"taxonomy":"category","embeddable":true,"href":"https:\/\/molinosauco.com\/en\/wp-json\/wp\/v2\/categories?post=3147"},{"taxonomy":"post_tag","embeddable":true,"href":"https:\/\/molinosauco.com\/en\/wp-json\/wp\/v2\/tags?post=3147"}],"curies":[{"name":"wp","href":"https:\/\/api.w.org\/{rel}","templated":true}]}}